{"id":189,"date":"2024-09-10T09:41:54","date_gmt":"2024-09-10T09:41:54","guid":{"rendered":"https:\/\/enequilibrio.org\/?p=189"},"modified":"2024-12-12T12:16:13","modified_gmt":"2024-12-12T12:16:13","slug":"crecimiento-personal-superando-el-estres-y-encontrando-gratitud-en-la-adversidad","status":"publish","type":"post","link":"https:\/\/enequilibrio.org\/?p=189","title":{"rendered":"Encontrando gratitud en la adversidad"},"content":{"rendered":"\n<p><strong>La vida nos presenta desaf\u00edos inesperados que ponen a prueba nuestra resiliencia y capacidad de crecimiento personal. Aqu\u00ed te hablar\u00e9 sobre c\u00f3mo una experiencia traum\u00e1tica puede transformarse en una oportunidad para el desarrollo personal.<\/strong><\/p>\n\n\n\n<h2 class=\"wp-block-heading\">El Incidente que lo cambi\u00f3 Todo<\/h2>\n\n\n\n<p>Hace alg\u00fan tiempo, vivimos una experiencia familiar de esas que siempre pensamos le ocurren a otros y no a nosotros. Mi hijo mayor, por razones de trabajo, tuvo que viajar en su carro a otra ciudad del pa\u00eds para dictar un curso. El domingo a la una de la ma\u00f1ana, son\u00f3 mi tel\u00e9fono celular. Era \u00e9l llamando desde otra ciudad, ubicada a unos 800 kil\u00f3metros de la nuestra, y me dijo con una voz extra\u00f1a: \u00abLl\u00e1mame r\u00e1pido a este n\u00famero\u00bb. Lo hice inmediatamente.<\/p>\n\n\n\n<p>El hecho fue que, buscando dinero en un cajero autom\u00e1tico, lo tomaron entre tres delincuentes armados y lo hicieron subirse a su camioneta en el asiento trasero con uno de ellos a su lado, mientras los otros dos iban en el asiento delantero. Adem\u00e1s de golpearlo insistentemente, lo insultaban y amenazaban, oblig\u00e1ndolo a mantener la cabeza sobre las rodillas para no ver hacia d\u00f3nde lo llevaban. Ante las amenazas y la situaci\u00f3n, decidi\u00f3 jug\u00e1rsela y, en un descuido, cuando la camioneta tomaba una curva, abri\u00f3 la puerta y se lanz\u00f3 a la carretera con el carro en movimiento.<\/p>\n\n\n\n<p>Cay\u00f3 al piso, se incorpor\u00f3 como pudo y, descalzo, ya que le hab\u00edan quitado hasta los zapatos, corri\u00f3 a trav\u00e9s de una maleza, lleg\u00f3 a una estaci\u00f3n de gasolina y de all\u00ed a una farmacia donde le permitieron entrar a ocultarse. Adem\u00e1s, le atendieron las heridas y lo colocaron en una ambulancia hacia un hospital de la zona.<\/p>\n\n\n\n<p>S\u00e9 que esta historia quiz\u00e1s sea poco comparada con las experiencias tan duras que a tantos les ha tocado vivir, en las que sus vidas o las de sus familiares han estado en peligro. Hoy, gracias a esta experiencia, he renovado frases, consejos e ideas que suelo dar a mis alumnos o a los televidentes y que pudieran sonar a veces sin fuerza. Les garantizo que desde hoy, cuando hable de agradecimiento, lo har\u00e9 desde mi coraz\u00f3n, porque gracias a Dios, a la Vida, mi hijo est\u00e1 vivo, y sus hijos peque\u00f1os siguen teniendo a su pap\u00e1.<\/p>\n\n\n\n<h2 class=\"wp-block-heading\">Lecciones de resiliencia y gratitud<\/h2>\n\n\n\n<p>Cuando hable de oportunidad, tendr\u00e9 presente que a partir de hoy, cuando est\u00e9 con \u00e9l o con cualquiera de mis hijas o nietos, estar\u00e9 presente en mi totalidad. Cada d\u00eda que vivimos es un regalo, es un presente, por lo que vivir\u00e9 cada d\u00eda como si fuera el \u00faltimo. Perdonar\u00e9 desde mi alma a los que trataron de hacerle da\u00f1o o quitarle la vida, porque quiz\u00e1s son producto de padres inconscientes o inexistentes, y porque no conozco sus circunstancias. Gracias a su descuido, hoy mi hijo sigue con vida.<\/p>\n\n\n\n<p>Cada vez que tenga la oportunidad de servir, ayudar o ense\u00f1ar algo a un ni\u00f1o o un adolescente, quiz\u00e1s estar\u00e9 evitando un robo o un crimen futuro, incluso a un ser cercano a m\u00ed. Cada d\u00eda, al levantarme y al acostarme, debo agradecer por todo lo que tengo y no pedir por aquello que deseo. Sobre todo, enviar\u00e9 oraci\u00f3n, luz y amor a todos aquellos padres o madres cuyos hijos est\u00e1n enfermos, perdidos, heridos, desaparecidos o drogados y que sufren sin esperanza. Hoy, gracias a ese evento, por el que muchos estar\u00edan rabiosos, he reconfirmado mi misi\u00f3n, nuestra misi\u00f3n, de amar, servir y agradecer a cada instante a todo aquel que la vida nos d\u00e9 la oportunidad, pero muy en especial a aquellos a quienes la vida nos coloc\u00f3 como los Maestros m\u00e1s cercanos: nuestra familia, a trav\u00e9s de quienes podemos aprender a amar, a perdonar, a tolerar, a ser pacientes, a perdonar&#8230; valores que vinimos a aprender en esta hermosa pero extra\u00f1a Universidad de la Vida.<\/p>\n\n\n\n<h2 class=\"wp-block-heading\">Redescubriendo el poder del agradecimiento<\/h2>\n\n\n\n<p>Esta experiencia renov\u00f3 mi perspectiva sobre la gratitud. Cada d\u00eda se convierte ahora en un regalo precioso, una oportunidad para estar plenamente presente con nuestros seres queridos.&nbsp;La gratitud se transforma en una poderosa herramienta para manejar el estr\u00e9s y fomentar el bienestar emocional.<\/p>\n\n\n\n<h2 class=\"wp-block-heading\">El perd\u00f3n como camino hacia la paz Interior<\/h2>\n\n\n\n<p>Perdonar a quienes intentaron da\u00f1ar a mi hijo no fue f\u00e1cil, pero se convirti\u00f3 en un ejercicio crucial de crecimiento personal. Este acto de perd\u00f3n no solo libera a quien perdona sino que tambi\u00e9n rompe el ciclo de negatividad y resentimiento.<\/p>\n\n\n\n<h2 class=\"wp-block-heading\">El impacto en las relaciones familiares<\/h2>\n\n\n\n<p>Esta experiencia reforz\u00f3 la importancia de valorar y nutrir nuestros lazos familiares. La familia se convierte en un laboratorio de aprendizaje emocional, donde practicamos el amor, la tolerancia y la paciencia.<\/p>\n\n\n\n<h2 class=\"wp-block-heading\">Transformando la adversidad en crecimiento<\/h2>\n\n\n\n<p>Las experiencias dif\u00edciles, aunque dolorosas, pueden ser poderosos catalizadores para el crecimiento personal y el manejo del estr\u00e9s. Al enfrentar la adversidad con gratitud, perd\u00f3n y un renovado sentido de prop\u00f3sito, podemos transformar nuestras vidas y las de quienes nos rodean.Recuerda, cada d\u00eda es una oportunidad para crecer, amar y servir. En esta \u00abUniversidad de la Vida\u00bb, nuestras experiencias m\u00e1s desafiantes a menudo se convierten en nuestras lecciones m\u00e1s valiosas.<\/p>\n","protected":false},"excerpt":{"rendered":"<p>Una experiencia reciente y angustiante nos ha ense\u00f1ado a valorar cada d\u00eda y a practicar el agradecimiento y el perd\u00f3n. Mi hijo sobrevivi\u00f3 a un asalto violento gracias a su valent\u00eda y la ayuda de personas amables. Ahora, valoro m\u00e1s que nunca a mi familia y cada momento juntos, reafirmando mi misi\u00f3n de amar, servir y agradecer.<\/p>\n","protected":false},"author":2,"featured_media":192,"comment_status":"open","ping_status":"open","sticky":false,"template":"","format":"standard","meta":{"pagelayer_contact_templates":[],"_pagelayer_content":"","_uag_custom_page_level_css":"","footnotes":""},"categories":[5],"tags":[7,6,8,10,9],"class_list":["post-189","post","type-post","status-publish","format-standard","has-post-thumbnail","hentry","category-crecimiento-personal","tag-autoestima","tag-crecimiento-personal","tag-desarrollo","tag-gratitud","tag-resiliencia"],"uagb_featured_image_src":{"full":["https:\/\/enequilibrio.org\/wp-content\/uploads\/2024\/12\/reflexion.jpg",1200,900,false],"thumbnail":["https:\/\/enequilibrio.org\/wp-content\/uploads\/2024\/12\/reflexion-150x150.jpg",150,150,true],"medium":["https:\/\/enequilibrio.org\/wp-content\/uploads\/2024\/12\/reflexion-300x225.jpg",300,225,true],"medium_large":["https:\/\/enequilibrio.org\/wp-content\/uploads\/2024\/12\/reflexion-768x576.jpg",768,576,true],"large":["https:\/\/enequilibrio.org\/wp-content\/uploads\/2024\/12\/reflexion-1024x768.jpg",1024,768,true],"1536x1536":["https:\/\/enequilibrio.org\/wp-content\/uploads\/2024\/12\/reflexion.jpg",1200,900,false],"2048x2048":["https:\/\/enequilibrio.org\/wp-content\/uploads\/2024\/12\/reflexion.jpg",1200,900,false]},"uagb_author_info":{"display_name":"Eduardo Gonz\u00e1lez Zanetti","author_link":"https:\/\/enequilibrio.org\/?author=2"},"uagb_comment_info":3,"uagb_excerpt":"Una experiencia reciente y angustiante nos ha ense\u00f1ado a valorar cada d\u00eda y a practicar el agradecimiento y el perd\u00f3n. Mi hijo sobrevivi\u00f3 a un asalto violento gracias a su valent\u00eda y la ayuda de personas amables. Ahora, valoro m\u00e1s que nunca a mi familia y cada momento juntos, reafirmando mi misi\u00f3n de amar, servir&hellip;","_links":{"self":[{"href":"https:\/\/enequilibrio.org\/index.php?rest_route=\/wp\/v2\/posts\/189","targetHints":{"allow":["GET"]}}],"collection":[{"href":"https:\/\/enequilibrio.org\/index.php?rest_route=\/wp\/v2\/posts"}],"about":[{"href":"https:\/\/enequilibrio.org\/index.php?rest_route=\/wp\/v2\/types\/post"}],"author":[{"embeddable":true,"href":"https:\/\/enequilibrio.org\/index.php?rest_route=\/wp\/v2\/users\/2"}],"replies":[{"embeddable":true,"href":"https:\/\/enequilibrio.org\/index.php?rest_route=%2Fwp%2Fv2%2Fcomments&post=189"}],"version-history":[{"count":10,"href":"https:\/\/enequilibrio.org\/index.php?rest_route=\/wp\/v2\/posts\/189\/revisions"}],"predecessor-version":[{"id":238,"href":"https:\/\/enequilibrio.org\/index.php?rest_route=\/wp\/v2\/posts\/189\/revisions\/238"}],"wp:featuredmedia":[{"embeddable":true,"href":"https:\/\/enequilibrio.org\/index.php?rest_route=\/wp\/v2\/media\/192"}],"wp:attachment":[{"href":"https:\/\/enequilibrio.org\/index.php?rest_route=%2Fwp%2Fv2%2Fmedia&parent=189"}],"wp:term":[{"taxonomy":"category","embeddable":true,"href":"https:\/\/enequilibrio.org\/index.php?rest_route=%2Fwp%2Fv2%2Fcategories&post=189"},{"taxonomy":"post_tag","embeddable":true,"href":"https:\/\/enequilibrio.org\/index.php?rest_route=%2Fwp%2Fv2%2Ftags&post=189"}],"curies":[{"name":"wp","href":"https:\/\/api.w.org\/{rel}","templated":true}]}}